{"id":33193,"date":"2023-10-20T00:16:41","date_gmt":"2023-10-19T23:16:41","guid":{"rendered":"https:\/\/isisbernocchi.edu.it\/?p=33193"},"modified":"2023-10-20T00:16:41","modified_gmt":"2023-10-19T23:16:41","slug":"salone-dello-studente-di-milano","status":"publish","type":"post","link":"https:\/\/isisbernocchi.edu.it\/od\/salone-dello-studente-di-milano\/","title":{"rendered":"Salone dello studente di Milano"},"content":{"rendered":"<div class=\"container\">\n<div class=\"row\">\n<div class=\"col-md-12\">\n<div class=\"section-title text-center mt-30 mb-30\">\n<div class=\"section-title__container\"><\/div>\n<div class=\"separator\">Il 23 e 24 ottobre 2023, presso il Centro Congressi Palazzo Stelline a Milano, si terr\u00e0 il Salone dello Studente, un evento organizzato per dare la possibilit\u00e0 agli studenti di incontrare i referenti di diverse Universit\u00e0, l&#8217;elenco degli espositori \u00e8 reperibile al link: <a href=\"https:\/\/www.salonedellostudente.it\/2023\/05\/17\/espositori-salone-dello-studente-milano\/\">https:\/\/www.salonedellostudente.it\/2023\/05\/17\/espositori-salone-dello-studente-milano\/<\/a><\/div>\n<div><\/div>\n<div>Gli studenti interessati possono registrarsi in autonomia e prenotare l&#8217;ingresso al seguente link:<\/div>\n<div><a href=\"https:\/\/www.salonedellostudente.it\/iscrizione-salone-dello-studente-di-milano\/\">https:\/\/www.salonedellostudente.it\/iscrizione-salone-dello-studente-di-milano\/<\/a><\/div>\n<div>L&#8217;attivit\u00e0 pu\u00f2 essere considerata come PCTO, sono ancora disponibili slot di ingresso al pomeriggio<\/div>\n<\/div>\n<\/div>\n<\/div>\n<\/div>\n<section class=\"mec-single-event mec-single-modern courses-details courses-details--event\">\n<div class=\"container\">\n<div class=\"row\">\n<div class=\"col-sm-12\">\n<section class=\"block block-text \">\n<div class=\"block-text__text block-text__text--full\">\n<h2><\/h2>\n<\/div>\n<\/section>\n<\/div>\n<\/div>\n<\/div>\n<\/section>\n","protected":false},"excerpt":{"rendered":"<p>Il 23 e 24 ottobre 2023, presso il Centro Congressi Palazzo Stelline a Milano, si terr\u00e0 il Salone dello Studente, un evento organizzato per dare &#8230; <\/p>\n","protected":false},"author":720,"featured_media":0,"comment_status":"closed","ping_status":"closed","sticky":false,"template":"","format":"standard","meta":{"_jetpack_memberships_contains_paid_content":false,"footnotes":""},"categories":[106],"tags":[],"class_list":["post-33193","post","type-post","status-publish","format-standard","hentry","category-orientamento-in-uscita"],"jetpack_featured_media_url":"","jetpack_sharing_enabled":true,"_links":{"self":[{"href":"https:\/\/isisbernocchi.edu.it\/od\/wp-json\/wp\/v2\/posts\/33193","targetHints":{"allow":["GET"]}}],"collection":[{"href":"https:\/\/isisbernocchi.edu.it\/od\/wp-json\/wp\/v2\/posts"}],"about":[{"href":"https:\/\/isisbernocchi.edu.it\/od\/wp-json\/wp\/v2\/types\/post"}],"author":[{"embeddable":true,"href":"https:\/\/isisbernocchi.edu.it\/od\/wp-json\/wp\/v2\/users\/720"}],"replies":[{"embeddable":true,"href":"https:\/\/isisbernocchi.edu.it\/od\/wp-json\/wp\/v2\/comments?post=33193"}],"version-history":[{"count":2,"href":"https:\/\/isisbernocchi.edu.it\/od\/wp-json\/wp\/v2\/posts\/33193\/revisions"}],"predecessor-version":[{"id":33195,"href":"https:\/\/isisbernocchi.edu.it\/od\/wp-json\/wp\/v2\/posts\/33193\/revisions\/33195"}],"wp:attachment":[{"href":"https:\/\/isisbernocchi.edu.it\/od\/wp-json\/wp\/v2\/media?parent=33193"}],"wp:term":[{"taxonomy":"category","embeddable":true,"href":"https:\/\/isisbernocchi.edu.it\/od\/wp-json\/wp\/v2\/categories?post=33193"},{"taxonomy":"post_tag","embeddable":true,"href":"https:\/\/isisbernocchi.edu.it\/od\/wp-json\/wp\/v2\/tags?post=33193"}],"curies":[{"name":"wp","href":"https:\/\/api.w.org\/{rel}","templated":true}]}}