{"id":3393,"date":"2019-04-14T08:15:28","date_gmt":"2019-04-14T08:15:28","guid":{"rendered":"https:\/\/isisbernocchi.edu.it\/?p=3393"},"modified":"2019-04-15T15:40:24","modified_gmt":"2019-04-15T15:40:24","slug":"lunga-vita-al-bernocchi-cento-di-questi-giorni-nellaula-magna-levento-dellanno","status":"publish","type":"post","link":"https:\/\/isisbernocchi.edu.it\/od\/lunga-vita-al-bernocchi-cento-di-questi-giorni-nellaula-magna-levento-dellanno\/","title":{"rendered":"Lunga vita al Bernocchi! Cento di questi giorni! Nell&#8217;aula magna l&#8217;evento dell&#8217;anno"},"content":{"rendered":"<p><img loading=\"lazy\" decoding=\"async\" class=\"alignnone size-full wp-image-3394\" src=\"https:\/\/isisbernocchi.edu.it\/wp-content\/uploads\/2019\/04\/anniversario-bernocchi-amarcord-70-350x250.jpg\" alt=\"\" width=\"350\" height=\"250\" srcset=\"https:\/\/isisbernocchi.edu.it\/od\/wp-content\/uploads\/2019\/04\/anniversario-bernocchi-amarcord-70-350x250.jpg 350w, https:\/\/isisbernocchi.edu.it\/od\/wp-content\/uploads\/2019\/04\/anniversario-bernocchi-amarcord-70-350x250-300x214.jpg 300w, https:\/\/isisbernocchi.edu.it\/od\/wp-content\/uploads\/2019\/04\/anniversario-bernocchi-amarcord-70-350x250-24x17.jpg 24w, https:\/\/isisbernocchi.edu.it\/od\/wp-content\/uploads\/2019\/04\/anniversario-bernocchi-amarcord-70-350x250-36x26.jpg 36w, https:\/\/isisbernocchi.edu.it\/od\/wp-content\/uploads\/2019\/04\/anniversario-bernocchi-amarcord-70-350x250-48x34.jpg 48w\" sizes=\"auto, (max-width: 350px) 100vw, 350px\" \/><\/p>\n<p>\u201c<em>Questo \u00e8 un momento leggero, con eventi musicali, ma anche di racconti da parte di chi \u00e8 stato protagonista della storia del Bernocchi.\u00a0 Abbiamo voluto ricordare questi 100 + 60 anni anche con leggerezza. Le testimonianze confluiranno in un libro che sar\u00e0 pubblicato a fine centenario. Inoltre ci sar\u00e0 una Mostra al Leone da Perego sulla \u201cGrande storia del Bernocchi\u201d\u00a0perch\u00e8 vogliamo mostrare l&#8217; evoluzione del nostro Istituto, il Bernocchi \u00e8 una scuola che ha fatto e far\u00e0 ancora storia\u201d<\/em>.<\/p>\n<p>Annalisa Wagner Dirigente dell&#8217;I.S.I.S. &#8220;Bernocchi&#8221;<\/p>\n<p>Leggi l&#8217;articolo completo di <a href=\"https:\/\/www.sempionenews.it\/cultura\/centenario-bernocchi-amarcord-su-la-grande-storia-del-bernocchi\/\">SempioneNews \u00a0(contiene altri video della serata)<\/a><\/p>\n<p>[embedyt] https:\/\/www.youtube.com\/watch?v=IIQUU0kbR5A[\/embedyt]<\/p>\n<p>&nbsp;<\/p>\n","protected":false},"excerpt":{"rendered":"<p>\u201cQuesto \u00e8 un momento leggero, con eventi musicali, ma anche di racconti da parte di chi \u00e8 stato protagonista della storia del Bernocchi.\u00a0 Abbiamo voluto &#8230; <\/p>\n","protected":false},"author":5,"featured_media":0,"comment_status":"closed","ping_status":"closed","sticky":false,"template":"","format":"standard","meta":{"_jetpack_memberships_contains_paid_content":false,"footnotes":""},"categories":[75,70,72,71],"tags":[],"class_list":["post-3393","post","type-post","status-publish","format-standard","hentry","category-news-alunni","category-news-docenti-free","category-news-genitori","category-news"],"jetpack_featured_media_url":"","jetpack_sharing_enabled":true,"_links":{"self":[{"href":"https:\/\/isisbernocchi.edu.it\/od\/wp-json\/wp\/v2\/posts\/3393","targetHints":{"allow":["GET"]}}],"collection":[{"href":"https:\/\/isisbernocchi.edu.it\/od\/wp-json\/wp\/v2\/posts"}],"about":[{"href":"https:\/\/isisbernocchi.edu.it\/od\/wp-json\/wp\/v2\/types\/post"}],"author":[{"embeddable":true,"href":"https:\/\/isisbernocchi.edu.it\/od\/wp-json\/wp\/v2\/users\/5"}],"replies":[{"embeddable":true,"href":"https:\/\/isisbernocchi.edu.it\/od\/wp-json\/wp\/v2\/comments?post=3393"}],"version-history":[{"count":0,"href":"https:\/\/isisbernocchi.edu.it\/od\/wp-json\/wp\/v2\/posts\/3393\/revisions"}],"wp:attachment":[{"href":"https:\/\/isisbernocchi.edu.it\/od\/wp-json\/wp\/v2\/media?parent=3393"}],"wp:term":[{"taxonomy":"category","embeddable":true,"href":"https:\/\/isisbernocchi.edu.it\/od\/wp-json\/wp\/v2\/categories?post=3393"},{"taxonomy":"post_tag","embeddable":true,"href":"https:\/\/isisbernocchi.edu.it\/od\/wp-json\/wp\/v2\/tags?post=3393"}],"curies":[{"name":"wp","href":"https:\/\/api.w.org\/{rel}","templated":true}]}}