{"id":5067,"date":"2020-05-04T09:19:10","date_gmt":"2020-05-04T09:19:10","guid":{"rendered":"https:\/\/isisbernocchi.edu.it\/?p=5067"},"modified":"2021-01-11T14:12:28","modified_gmt":"2021-01-11T14:12:28","slug":"invito-ad-alma-orienta-virtual-fair-14-e-15-maggio-2020","status":"publish","type":"post","link":"https:\/\/isisbernocchi.edu.it\/od\/invito-ad-alma-orienta-virtual-fair-14-e-15-maggio-2020\/","title":{"rendered":"Invito ad Alma Orienta \u2013 Virtual Fair \u2013 14 e 15 maggio 2020"},"content":{"rendered":"<p>Gentile Professoressa e gentile Professore,<\/p>\n<p>pur consapevoli della complessit\u00e0 e delle rilevanti difficolt\u00e0 che caratterizzano anche la scuola nell&#8217;attuale momento storico, riteniamo importante realizzare &#8211; con modalit\u00e0 diverse &#8211; la manifestazione <strong>Alma Orienta \u2013 Giornate dell\u2019Orientamento<\/strong> inizialmente programmata in febbraio presso la Fiera di Bologna.<\/p>\n<p><strong>Alma Orienta &#8211; Virtual Fair<\/strong> si svolger\u00e0 completamente on line nelle giornate del <strong>14 e 15 maggio 2020 dalle ore 9.30 alle ore 18.00<\/strong>.<\/p>\n<p>L&#8217;obiettivo \u00e8 offrire alle future matricole la possibilit\u00e0 di acquisire informazioni approfondite sulle opportunit\u00e0 formative dell\u2019Ateneo, sulle modalit\u00e0 di accesso ai corsi di studio e sui servizi offerti.<\/p>\n<p>Pertanto durante Alma Orienta- Virtual Fair studentesse e studenti potranno:<br \/>\n\u2022\u00a0 \u00a0 \u00a0 \u00a0 \u00a0 \u00a0 seguire le <strong>presentazioni &#8220;Live&#8221; dei Corsi di studio<\/strong> e delle <strong>modalit\u00e0 di accesso ai corsi<\/strong>;<br \/>\n\u2022\u00a0 \u00a0 \u00a0 \u00a0 \u00a0 \u00a0 incontrare<strong> i docenti e i tutor<\/strong> dei corsi di Laurea e Laurea Magistrale, che <strong>risponderanno in diretta<\/strong> alle domande;<br \/>\n\u2022\u00a0 \u00a0 \u00a0 \u00a0 \u00a0 \u00a0 incontrare e parlare con il personale di Ateneo per <strong>scoprire i molteplici servizi e agevolazioni messi a disposizione degli studenti Unibo<\/strong>.<\/p>\n<p>L&#8217;iscrizione \u00e8 obbligatoria per chiunque intenda partecipare e dovr\u00e0 essere effettuata dall\u2019app dell\u2019orientamento myalmaorienta (scaricabile gratuitamente su Google Play o Apple Store) o dal sito web: https:\/\/eventi.unibo.it\/giornateorientamento\/<\/p>\n<p>Gli studenti gi\u00e0 registrati alla Manifestazione di febbraio potranno accedere direttamente alla virtual fair utilizzando le credenziali gi\u00e0 acquisite; troveranno il link per accedere sempre sul sito https:\/\/eventi.unibo.it\/giornateorientamento\/<\/p>\n<p>Per facilitare la promozione dell\u2019evento, abbiamo pensato di mettere a disposizione alcuni materiali da utilizzare sui canali comunicativi dell\u2019Istituto. Sono alla pagina: https:\/\/almaorienta.unibo.it\/it\/scuole-superiori\/risorse-per-la-promozione-di-alma-orienta-virtual-fair<\/p>\n<p>Con l\u2019occasione, sono lieta di invitarLa a un i<strong>ncontro informativo sulle modalit\u00e0 di accesso e iscrizione e sulle principali novit\u00e0 per il prossimo anno accademico.<\/strong> L\u2019incontro, previsto alle ore <strong>15.30 sia nella giornata del 14 che del 15 maggio<\/strong>, sar\u00e0 tenuto dalla sottoscritta e dai colleghi del Servizio Orientamento. Per partecipare \u00e8 obbligatoria l\u2019iscrizione, specificando in quale delle due date:\u00a0 https:\/\/eventi.unibo.it\/giornateorientamento\/registrazione-docenti-e-accompagnatori-1<\/p>\n<p>Il Servizio Orientamento dell\u2019Ateneo sar\u00e0 a Sua disposizione per ulteriori approfondimenti ai seguenti recapiti: tel. 051 2099850, 051 2099886, 051 2099804, 051 2099384 e-mail almaorienta@unibo.it<\/p>\n<p>RingraziandoLa per l\u2019attenzione e la collaborazione, Le porgo cordiali saluti.<\/p>\n<p>Prof.ssa Alessandra Locatelli<br \/>\nDelegata del Rettore all\u2019orientamento e rapporti col sistema scolastico<\/p>\n","protected":false},"excerpt":{"rendered":"<p>Gentile Professoressa e gentile Professore, pur consapevoli della complessit\u00e0 e delle rilevanti difficolt\u00e0 che caratterizzano anche la scuola nell&#8217;attuale momento storico, riteniamo importante realizzare &#8211; &#8230; <\/p>\n","protected":false},"author":5,"featured_media":0,"comment_status":"closed","ping_status":"closed","sticky":false,"template":"","format":"standard","meta":{"_jetpack_memberships_contains_paid_content":false,"footnotes":""},"categories":[106],"tags":[],"class_list":["post-5067","post","type-post","status-publish","format-standard","hentry","category-orientamento-in-uscita"],"jetpack_featured_media_url":"","jetpack_sharing_enabled":true,"_links":{"self":[{"href":"https:\/\/isisbernocchi.edu.it\/od\/wp-json\/wp\/v2\/posts\/5067","targetHints":{"allow":["GET"]}}],"collection":[{"href":"https:\/\/isisbernocchi.edu.it\/od\/wp-json\/wp\/v2\/posts"}],"about":[{"href":"https:\/\/isisbernocchi.edu.it\/od\/wp-json\/wp\/v2\/types\/post"}],"author":[{"embeddable":true,"href":"https:\/\/isisbernocchi.edu.it\/od\/wp-json\/wp\/v2\/users\/5"}],"replies":[{"embeddable":true,"href":"https:\/\/isisbernocchi.edu.it\/od\/wp-json\/wp\/v2\/comments?post=5067"}],"version-history":[{"count":1,"href":"https:\/\/isisbernocchi.edu.it\/od\/wp-json\/wp\/v2\/posts\/5067\/revisions"}],"predecessor-version":[{"id":5068,"href":"https:\/\/isisbernocchi.edu.it\/od\/wp-json\/wp\/v2\/posts\/5067\/revisions\/5068"}],"wp:attachment":[{"href":"https:\/\/isisbernocchi.edu.it\/od\/wp-json\/wp\/v2\/media?parent=5067"}],"wp:term":[{"taxonomy":"category","embeddable":true,"href":"https:\/\/isisbernocchi.edu.it\/od\/wp-json\/wp\/v2\/categories?post=5067"},{"taxonomy":"post_tag","embeddable":true,"href":"https:\/\/isisbernocchi.edu.it\/od\/wp-json\/wp\/v2\/tags?post=5067"}],"curies":[{"name":"wp","href":"https:\/\/api.w.org\/{rel}","templated":true}]}}