{"id":5112,"date":"2020-05-11T07:14:01","date_gmt":"2020-05-11T07:14:01","guid":{"rendered":"https:\/\/isisbernocchi.edu.it\/?p=5112"},"modified":"2021-01-11T14:12:28","modified_gmt":"2021-01-11T14:12:28","slug":"accademia-santagiulia-di-brescia-contest-fotograficothrough-the-window","status":"publish","type":"post","link":"https:\/\/isisbernocchi.edu.it\/od\/accademia-santagiulia-di-brescia-contest-fotograficothrough-the-window\/","title":{"rendered":"Accademia SantaGiulia di Brescia &#8211; Contest fotografico&#8221;Through The Window&#8221;"},"content":{"rendered":"<p>&nbsp;<\/p>\n<p><strong>COSA VEDI DALLA TUA FINESTRA?<\/strong> Partecipa al <strong>Contest fotografico &#8220;Periferiche Visioni &#8211; Through The Window&#8221;<\/strong> di Accademia SantaGiulia!<\/p>\n<p><em>\u00a0<\/em><\/p>\n<p>Guardare fuori dalla finestra, \u00e8 una attivit\u00e0 sulla quale di rado ci si sofferma, ma che, oggi pi\u00f9 che mai, pu\u00f2 acuire il nostro sguardo, portandoci a scoprire ci\u00f2 che chiede solo di essere visto. Ma per vedere occorrono occhi capaci di farlo.<\/p>\n<p>L&#8217;Accademia SantaGiulia, con questo Contest, propone a tutti di <strong>condividere <\/strong>questo sguardo sulla porzione di realt\u00e0 prossima che forse abbiamo riscoperto, fissandolo in una fotografia particolarmente evocativa dell\u2019oggi.<\/p>\n<p><em>\u00a0<\/em><\/p>\n<p>Il contest \u00e8 rivolto a:<\/p>\n<p><strong>\u00a0<\/strong><\/p>\n<ul>\n<li><strong>Tutti gli Studenti iscritti al quinto anno delle scuole secondarie di secondo grado. <\/strong><\/li>\n<\/ul>\n<p>&nbsp;<\/p>\n<p>Il<strong> primo classificato<\/strong> di questa categoria avr\u00e0 un <strong>buono sconto del valore di 300 euro<\/strong> per l\u2019immatricolazione all\u2019a.a. 2020\/2021 di uno dei corsi triennali o biennali di Accademia SantaGiulia!<\/p>\n<p>&nbsp;<\/p>\n<ul>\n<li><strong>Senior: Over Sessantacinquenni<\/strong><\/li>\n<\/ul>\n<p><strong>\u00a0<\/strong><\/p>\n<p><strong>Il primo classificato<\/strong> di questa categoria avr\u00e0 accesso ad un Corso online tra quelli proposti dal <strong>Centro San Clemente di Brescia<\/strong> per la stagione 2020-2021.<\/p>\n<p>&nbsp;<\/p>\n<p><strong>Per iscriversi<\/strong> al contest \u00e8 necessario <a href=\"http:\/\/riservata.accademiasantagiulia.it\/contest.asp\"><strong>Cliccare qui,<\/strong><\/a> compilare il <strong>form<\/strong> e inviare la fotografia <strong><u>dal 4 al 19 maggio 2020<\/u><\/strong>.<\/p>\n<p>&nbsp;<\/p>\n<p>Per le informazioni sul bando \u00e8 possibile <a href=\"https:\/\/www.accademiasantagiulia.it\/uploads\/2020-5-6\/contest-fotografia_periferichevisioni_throughthewindow.pdf\"><strong>CLICCARE QUI<\/strong><\/a> o leggere la notizia sul nostro sito <a href=\"https:\/\/www.accademiasantagiulia.it\/notizie-eventi\/contest-fotografico-intergenerazionale-periferiche-visioni-through-the-window\"><strong>CLICCANDO QUI<\/strong><\/a>!<\/p>\n<p><em><strong>\u00a0<\/strong><\/em><\/p>\n<p><em><strong>Aspettiamo la tua foto! Passaparola e dillo anche ai tuoi amici e parenti! <\/strong><\/em><\/p>\n<p>&nbsp;<\/p>\n<p>Hai bisogno di avere informazioni sui corsi di <strong>Accademia SantaGiulia<\/strong>? Partecipa al nostro<strong> Open Day ONLINE<\/strong> venerd\u00ec<strong> 15 Maggio<\/strong>!<\/p>\n<p>Per iscriverti all\u2019evento <strong><a href=\"https:\/\/www.accademiasantagiulia.it\/openday-accademia-belle-arti-brescia#form-openday\">CLICCA QUI<\/a> <\/strong>e compila il <strong>form,<\/strong> accederai cos\u00ec a dei <strong>momenti live<\/strong> e a <strong>contenuti esclusivi<\/strong> pensati appositamente per i partecipanti.<\/p>\n<p>&nbsp;<\/p>\n<p>&nbsp;<\/p>\n<p>Vi ringraziamo per la sempre preziosa collaborazione e cogliamo l\u2019occasione per auguravi una serena fine di anno scolastico.<\/p>\n<p>Cordialmente.<\/p>\n<p>&nbsp;<\/p>\n<p>Sonia Corigliano<\/p>\n<p>Servizio orientamento<\/p>\n<p><strong>ACCADEMIA DI BELLE ARTI DI BRESCIA SANTAGIULIA<\/strong><\/p>\n<p>Via Tommaseo, 49 \u2013 25128 Brescia<\/p>\n<p>Tel. 030\/383368 interno 4 &#8211; Fax 030\/3389557<\/p>\n<p><a href=\"mailto:orientamento@accademiasantagiulia.it\">orientamento@accademiasantagiulia.it<\/a><\/p>\n<p><u><a href=\"http:\/\/www.accademiasantagiulia.it\/\">www.accademiasantagiulia.it<\/a><\/u><\/p>\n<p>&nbsp;<\/p>\n<p>&nbsp;<\/p>\n","protected":false},"excerpt":{"rendered":"<p>&nbsp; COSA VEDI DALLA TUA FINESTRA? Partecipa al Contest fotografico &#8220;Periferiche Visioni &#8211; Through The Window&#8221; di Accademia SantaGiulia! \u00a0 Guardare fuori dalla finestra, \u00e8 &#8230; <\/p>\n","protected":false},"author":5,"featured_media":0,"comment_status":"closed","ping_status":"closed","sticky":false,"template":"","format":"standard","meta":{"_jetpack_memberships_contains_paid_content":false,"footnotes":""},"categories":[106],"tags":[],"class_list":["post-5112","post","type-post","status-publish","format-standard","hentry","category-orientamento-in-uscita"],"jetpack_featured_media_url":"","jetpack_sharing_enabled":true,"_links":{"self":[{"href":"https:\/\/isisbernocchi.edu.it\/od\/wp-json\/wp\/v2\/posts\/5112","targetHints":{"allow":["GET"]}}],"collection":[{"href":"https:\/\/isisbernocchi.edu.it\/od\/wp-json\/wp\/v2\/posts"}],"about":[{"href":"https:\/\/isisbernocchi.edu.it\/od\/wp-json\/wp\/v2\/types\/post"}],"author":[{"embeddable":true,"href":"https:\/\/isisbernocchi.edu.it\/od\/wp-json\/wp\/v2\/users\/5"}],"replies":[{"embeddable":true,"href":"https:\/\/isisbernocchi.edu.it\/od\/wp-json\/wp\/v2\/comments?post=5112"}],"version-history":[{"count":1,"href":"https:\/\/isisbernocchi.edu.it\/od\/wp-json\/wp\/v2\/posts\/5112\/revisions"}],"predecessor-version":[{"id":5113,"href":"https:\/\/isisbernocchi.edu.it\/od\/wp-json\/wp\/v2\/posts\/5112\/revisions\/5113"}],"wp:attachment":[{"href":"https:\/\/isisbernocchi.edu.it\/od\/wp-json\/wp\/v2\/media?parent=5112"}],"wp:term":[{"taxonomy":"category","embeddable":true,"href":"https:\/\/isisbernocchi.edu.it\/od\/wp-json\/wp\/v2\/categories?post=5112"},{"taxonomy":"post_tag","embeddable":true,"href":"https:\/\/isisbernocchi.edu.it\/od\/wp-json\/wp\/v2\/tags?post=5112"}],"curies":[{"name":"wp","href":"https:\/\/api.w.org\/{rel}","templated":true}]}}