{"id":6912,"date":"2020-11-16T15:34:27","date_gmt":"2020-11-16T15:34:27","guid":{"rendered":"https:\/\/isisbernocchi.edu.it\/?p=6912"},"modified":"2021-01-11T14:12:28","modified_gmt":"2021-01-11T14:12:28","slug":"campus-orienta-lombardia","status":"publish","type":"post","link":"https:\/\/isisbernocchi.edu.it\/od\/campus-orienta-lombardia\/","title":{"rendered":"Campus Orienta LOMBARDIA"},"content":{"rendered":"<div class=\"ead-preview\"><div class=\"ead-document\" style=\"position: relative;padding-top: 90%;\"><div class=\"ead-iframe-wrapper\"><iframe src=\"\/\/docs.google.com\/viewer?url=https%3A%2F%2Fisisbernocchi.edu.it%2Fod%2Fwp-content%2Fuploads%2F2020%2F11%2FPROGRAMMAZIONE-LOMBARDIA.pdf&amp;embedded=true&amp;hl=en\" title=\"Embedded Document\" class=\"ead-iframe\" style=\"width: 100%;height: 100%;border: none;position: absolute;left: 0;top: 0;visibility: hidden;\"><\/iframe><\/div>\t\t\t<div class=\"ead-document-loading\" style=\"width:100%;height:100%;position:absolute;left:0;top:0;z-index:10;\">\n\t\t\t\t<div class=\"ead-loading-wrap\">\n\t\t\t\t\t<div class=\"ead-loading-main\">\n\t\t\t\t\t\t<div class=\"ead-loading\">\n\t\t\t\t\t\t\t<img loading=\"lazy\" decoding=\"async\" src=\"https:\/\/isisbernocchi.edu.it\/od\/wp-content\/plugins\/embed-any-document\/images\/loading.svg\" width=\"55\" height=\"55\" alt=\"Loader\">\n\t\t\t\t\t\t\t<span>Loading...<\/span>\n\t\t\t\t\t\t<\/div>\n\t\t\t\t\t<\/div>\n\t\t\t\t\t<div class=\"ead-loading-foot\">\n\t\t\t\t\t\t<div class=\"ead-loading-foot-title\">\n\t\t\t\t\t\t\t<img loading=\"lazy\" decoding=\"async\" src=\"https:\/\/isisbernocchi.edu.it\/od\/wp-content\/plugins\/embed-any-document\/images\/EAD-logo.svg\" alt=\"EAD Logo\" width=\"36\" height=\"23\"\/>\n\t\t\t\t\t\t\t<span>Taking too long?<\/span>\n\t\t\t\t\t\t<\/div>\n\t\t\t\t\t\t<p>\n\t\t\t\t\t\t\t<div class=\"ead-document-btn ead-reload-btn\" role=\"button\">\n\t\t\t\t\t\t\t\t<img loading=\"lazy\" decoding=\"async\" src=\"https:\/\/isisbernocchi.edu.it\/od\/wp-content\/plugins\/embed-any-document\/images\/reload.svg\" alt=\"Reload\" width=\"12\" height=\"12\"\/> Reload document\t\t\t\t\t\t\t<\/div>\n\t\t\t\t\t\t\t<span>|<\/span>\n\t\t\t\t\t\t\t<a href=\"https:\/\/isisbernocchi.edu.it\/od\/wp-content\/uploads\/2020\/11\/PROGRAMMAZIONE-LOMBARDIA.pdf\" class=\"ead-document-btn\" target=\"_blank\">\n\t\t\t\t\t\t\t\t<img loading=\"lazy\" decoding=\"async\" src=\"https:\/\/isisbernocchi.edu.it\/od\/wp-content\/plugins\/embed-any-document\/images\/open.svg\" alt=\"Open\" width=\"12\" height=\"12\"\/> Open in new tab\t\t\t\t\t\t\t<\/a>\n\t\t\t\t\t<\/div>\n\t\t\t\t<\/div>\n\t\t\t<\/div>\n\t\t<\/div><\/div>\n<p>Gentilissimi,<\/p>\n<p>&nbsp;<\/p>\n<p>Con l&#8217;inizio del nuovo anno scolastico\u00a0<strong><em>Il Salone dello Studente<\/em><\/strong>\u00a0riprende la sua attivit\u00e0 di affiancamento a studenti, docenti e famiglie con\u00a0<a href=\"http:\/\/bmadn.smtpclick.com\/tracking\/raWzMz50paMkCGL1ZQp5BQLlZwxzMKWjqzA2pzSaqaR9ZGp4ZGD2AQZ5Way2LKu2pG0lAGpmZwNlZGZ5AIR\" data-saferedirecturl=\"https:\/\/www.google.com\/url?q=http:\/\/bmadn.smtpclick.com\/tracking\/raWzMz50paMkCGL1ZQp5BQLlZwxzMKWjqzA2pzSaqaR9ZGp4ZGD2AQZ5Way2LKu2pG0lAGpmZwNlZGZ5AIR&amp;source=gmail&amp;ust=1605627092596000&amp;usg=AFQjCNEyfJ79JTTtrA4T5i5ET9UAdW0wIg\"><strong><em>Campus Orienta Digital<\/em><\/strong><\/a><strong><em>:<\/em><\/strong>\u00a0la prima piattaforma in Italia dedicata all&#8217;orientamento, al lavoro e all&#8217;alta formazione. Un portale ricco di informazioni e materiali didattici che, in questa edizione, si arricchisce di un&#8217;area interamente dedicata alle scuole.<\/p>\n<p>Il Salone dello Studente dedicato alla Regione Lombardia \u00e8 in programma\u00a0<strong>dal 23 al 26 novembre 2020<\/strong>\u00a0e, di seguito, trovate la programmazione delle attivit\u00e0 valide ai fini PCTO:<\/p>\n<p><a href=\"http:\/\/bmadn.smtpclick.com\/tracking\/raWzMz50paMkCGL1ZQp5BQLlZwxzMKWjqzA2pzSaqaR9ZGp4ZGD2AQZ5Way2LKu2pG0lAGpmZwNlZGZ5BIH\" data-saferedirecturl=\"https:\/\/www.google.com\/url?q=http:\/\/bmadn.smtpclick.com\/tracking\/raWzMz50paMkCGL1ZQp5BQLlZwxzMKWjqzA2pzSaqaR9ZGp4ZGD2AQZ5Way2LKu2pG0lAGpmZwNlZGZ5BIH&amp;source=gmail&amp;ust=1605627092596000&amp;usg=AFQjCNG81jbldusC0mkQBBfq4bphvp5oWA\">https:\/\/www.salonedellostudente.it\/events\/salone-di-milano-2019\/<\/a><\/p>\n<p>Vi segnaliamo che gli Studenti e docenti saranno liberi di scegliere a quali attivit\u00e0 partecipare nel corso dei giorni del\u00a0<strong>Salone dello Studente Digitale<\/strong>\u00a0dal<strong>\u00a023 al 26 novembre 2020 e che il\u00a0<\/strong>Salone dello Studente rientra nel programma PCTO : partecipando ai webinar live in programma e\/o accedendo agli stand virtuali delle Universit\u00e0.<\/p>\n<p>La procedura di iscrizione al Salone dello Studente Lazio pu\u00f2 essere effettuata, in via preventiva, dalla scuola.<\/p>\n<p>La procedura per effettuare la registrazione \u00e8 la seguente:<\/p>\n<p>&nbsp;<\/p>\n<ul>\n<li>Collegarsi al sito\u00a0<a href=\"http:\/\/bmadn.smtpclick.com\/tracking\/raWzMz50paMkCGL1ZQp5BQLlZwxzMKWjqzA2pzSaqaR9ZGp4ZGD2AQZ5Way2LKu2pG0lAGpmZwNlZGDjZ1x\" data-saferedirecturl=\"https:\/\/www.google.com\/url?q=http:\/\/bmadn.smtpclick.com\/tracking\/raWzMz50paMkCGL1ZQp5BQLlZwxzMKWjqzA2pzSaqaR9ZGp4ZGD2AQZ5Way2LKu2pG0lAGpmZwNlZGDjZ1x&amp;source=gmail&amp;ust=1605627092596000&amp;usg=AFQjCNH7B1g969qq53h0uimTyUhmo8uDmw\">https:\/\/www.salonedellostudente.it\/<\/a><\/li>\n<li>In alto a destra, cliccare su\u00a0<strong>&#8220;Accedi&#8221;<\/strong>\u00a0e selezionare\u00a0<strong>&#8220;Registrati&#8221;<\/strong><\/li>\n<li>Effettuare la procedura di registrazione alla piattaforma. Al termine della procedura sar\u00e0 inviata una mail con le credenziali di accesso e la richiesta di conferma dell&#8217;Account creato.<\/li>\n<li>Una volta in possesso delle credenziali e confermato l&#8217;Account, collegarsi al seguente link\u00a0<a href=\"http:\/\/bmadn.smtpclick.com\/tracking\/raWzMz50paMkCGL1ZQp5BQLlZwxzMKWjqzA2pzSaqaR9ZGp4ZGD2AQZ5Way2LKu2pG0lAGpmZwNlZGDjA1H\" data-saferedirecturl=\"https:\/\/www.google.com\/url?q=http:\/\/bmadn.smtpclick.com\/tracking\/raWzMz50paMkCGL1ZQp5BQLlZwxzMKWjqzA2pzSaqaR9ZGp4ZGD2AQZ5Way2LKu2pG0lAGpmZwNlZGDjA1H&amp;source=gmail&amp;ust=1605627092596000&amp;usg=AFQjCNF9SPfBXuJuoi001kvpj6VnzcqeXQ\">https:\/\/www.salonedellostudente.it\/2020\/09\/09\/comeiscriversi\/<\/a>(accessibile anche da\u00a0<strong>MENU&#8217; IN HOME PAGE -&gt; SALONE DELLO STUDENTE -&gt; EDIZIONE DIGITALE -&gt; COME ISCRIVERSI<\/strong>)<\/li>\n<li>Scorrendo verso il basso selezionare la tappa di interesse e cliccare\u00a0<strong>&#8220;Iscriviti al Salone&#8221;<\/strong><\/li>\n<\/ul>\n<p>Sar\u00e0 inviata una mail di conferma con il\u00a0<strong>&#8220;Kit di orientamento&#8221;<\/strong>\u00a0e le istruzioni per accedere al Salone dello Studente Digitale ed il link dove poter consultare il programma aggiornato dell&#8217;evento.<\/p>\n<p>In allegato trovate il programma delle attivit\u00e0 previste per il Salone dello Studente Lazio.<\/p>\n<p><u><br \/>\n<\/u>Per qualsiasi altra necessit\u00e0, restiamo a vostra completa disposizione.<\/p>\n<p>Cordialmente,<br \/>\nCamilla Testa<\/p>\n<p>Campus Editori S.r.l. informa che i dati di contatto della Vostra Societ\u00e0, ovvero l&#8217;indirizzo di posta elettronica con il nome del dominio della Vostra Societ\u00e0, utilizzati per l&#8217;invio della presente, saranno oggetto di trattamento per la sola finalit\u00e0 di intrattenere contatti e corrispondenza con la Vostra Societ\u00e0, per il tramite del Vostro referente, gi\u00e0 noto perch\u00e9 pubblicato sui siti istituzionali di riferimento o che per il futuro vorrete indicarci, in relazione ad iniziative di presumibile vostro interesse, nella piena osservanza del GDPR e delle altre norme in materia di protezione dei dati.<\/p>\n<p>Per informazioni e\/o segnalazioni o se non desidera ricevere altre comunicazioni:<\/p>\n<p><a href=\"mailto:salonedellostudente@class.it\">salonedellostudente@class.it<\/a><\/p>\n<p><a href=\"mailto:salonedellostudente@class.it\">salonedellostudente@class.it<\/a>, Campus Editori S.r.l. &#8211; via Burigozzo 5, 20122 Milano<\/p>\n","protected":false},"excerpt":{"rendered":"<p>Gentilissimi, &nbsp; Con l&#8217;inizio del nuovo anno scolastico\u00a0Il Salone dello Studente\u00a0riprende la sua attivit\u00e0 di affiancamento a studenti, docenti e famiglie con\u00a0Campus Orienta Digital:\u00a0la prima &#8230; <\/p>\n","protected":false},"author":671,"featured_media":0,"comment_status":"closed","ping_status":"closed","sticky":false,"template":"","format":"standard","meta":{"_jetpack_memberships_contains_paid_content":false,"footnotes":""},"categories":[106],"tags":[],"class_list":["post-6912","post","type-post","status-publish","format-standard","hentry","category-orientamento-in-uscita"],"jetpack_featured_media_url":"","jetpack_sharing_enabled":true,"_links":{"self":[{"href":"https:\/\/isisbernocchi.edu.it\/od\/wp-json\/wp\/v2\/posts\/6912","targetHints":{"allow":["GET"]}}],"collection":[{"href":"https:\/\/isisbernocchi.edu.it\/od\/wp-json\/wp\/v2\/posts"}],"about":[{"href":"https:\/\/isisbernocchi.edu.it\/od\/wp-json\/wp\/v2\/types\/post"}],"author":[{"embeddable":true,"href":"https:\/\/isisbernocchi.edu.it\/od\/wp-json\/wp\/v2\/users\/671"}],"replies":[{"embeddable":true,"href":"https:\/\/isisbernocchi.edu.it\/od\/wp-json\/wp\/v2\/comments?post=6912"}],"version-history":[{"count":1,"href":"https:\/\/isisbernocchi.edu.it\/od\/wp-json\/wp\/v2\/posts\/6912\/revisions"}],"predecessor-version":[{"id":6914,"href":"https:\/\/isisbernocchi.edu.it\/od\/wp-json\/wp\/v2\/posts\/6912\/revisions\/6914"}],"wp:attachment":[{"href":"https:\/\/isisbernocchi.edu.it\/od\/wp-json\/wp\/v2\/media?parent=6912"}],"wp:term":[{"taxonomy":"category","embeddable":true,"href":"https:\/\/isisbernocchi.edu.it\/od\/wp-json\/wp\/v2\/categories?post=6912"},{"taxonomy":"post_tag","embeddable":true,"href":"https:\/\/isisbernocchi.edu.it\/od\/wp-json\/wp\/v2\/tags?post=6912"}],"curies":[{"name":"wp","href":"https:\/\/api.w.org\/{rel}","templated":true}]}}