{"id":8979,"date":"2021-05-14T12:40:38","date_gmt":"2021-05-14T11:40:38","guid":{"rendered":"https:\/\/isisbernocchi.edu.it\/?p=8979"},"modified":"2021-05-14T12:40:38","modified_gmt":"2021-05-14T11:40:38","slug":"corso-its-manager-culturale-per-lo-sviluppo-del-territorio","status":"publish","type":"post","link":"https:\/\/isisbernocchi.edu.it\/od\/corso-its-manager-culturale-per-lo-sviluppo-del-territorio\/","title":{"rendered":"Corso ITS Manager culturale per lo sviluppo del territorio"},"content":{"rendered":"<div style=\"text-align: center;\" data-canvas-width=\"477.384\">TECNICO SUPERIORE PER LA PROMOZIONE<\/div>\n<div style=\"text-align: center;\" data-canvas-width=\"499.0560000000001\">E IL MARKETING DELLE FILIERE TURISTICHE<\/div>\n<div style=\"text-align: center;\" data-canvas-width=\"335.71200000000005\">E DELLE ATTIVIT\u00c0 CULTURALI<\/div>\n<div style=\"text-align: center;\" data-canvas-width=\"650.0159999999998\">MANAGER CULTURALE PER LO SVILUPPO DEL TERRITORIO<\/div>\n<div data-canvas-width=\"650.0159999999998\"><\/div>\n<div data-canvas-width=\"650.0159999999998\">\n<p style=\"font-weight: 400;\">Il corso mira a formare manager junior in grado di inserirsi \u00a0all\u2019interno di imprese ed enti che operano nel campo della cultura, quali societ\u00e0 di gestione di sale cinema, teatri di musica e di prosa, realt\u00e0 che organizzano festival culturali, societ\u00e0 di servizi culturali, centri culturali.<\/p>\n<p style=\"font-weight: 400;\">Qui il link all\u2019apposita sezione del\u00a0 sito: <a href=\"https:\/\/innovaprofessioni.it\/offerta-formativa\/corsi-its\/manager-culturale-per-lo-sviluppo-del-territorio\/\">https:\/\/innovaprofessioni.it\/offerta-formativa\/corsi-its\/manager-culturale-per-lo-sviluppo-del-territorio\/<\/a><\/p>\n<p style=\"text-align: center;\"><a href=\"https:\/\/isisbernocchi.edu.it\/od\/wp-content\/uploads\/2021\/05\/ITS-Manager-Culturale-2021-2023.pdf\">LOCANDINA<\/a><\/p>\n<p style=\"font-weight: 400;\">Per partecipare all\u2019open day del <strong>9 giugno 2021 alle ore 16.00 <\/strong>\u00e8 sufficiente inviare una mail a <a href=\"mailto:direzione@innovaprofessioni.it\">direzione@innovaprofessioni.it<\/a>\u00a0e\u00a0si ricever\u00e0 il link di accesso all\u2019incontro.<\/p>\n<\/div>\n","protected":false},"excerpt":{"rendered":"<p>TECNICO SUPERIORE PER LA PROMOZIONE E IL MARKETING DELLE FILIERE TURISTICHE E DELLE ATTIVIT\u00c0 CULTURALI MANAGER CULTURALE PER LO SVILUPPO DEL TERRITORIO Il corso mira &#8230; <\/p>\n","protected":false},"author":438,"featured_media":0,"comment_status":"closed","ping_status":"closed","sticky":false,"template":"","format":"standard","meta":{"_jetpack_memberships_contains_paid_content":false,"footnotes":""},"categories":[106],"tags":[],"class_list":["post-8979","post","type-post","status-publish","format-standard","hentry","category-orientamento-in-uscita"],"jetpack_featured_media_url":"","jetpack_sharing_enabled":true,"_links":{"self":[{"href":"https:\/\/isisbernocchi.edu.it\/od\/wp-json\/wp\/v2\/posts\/8979","targetHints":{"allow":["GET"]}}],"collection":[{"href":"https:\/\/isisbernocchi.edu.it\/od\/wp-json\/wp\/v2\/posts"}],"about":[{"href":"https:\/\/isisbernocchi.edu.it\/od\/wp-json\/wp\/v2\/types\/post"}],"author":[{"embeddable":true,"href":"https:\/\/isisbernocchi.edu.it\/od\/wp-json\/wp\/v2\/users\/438"}],"replies":[{"embeddable":true,"href":"https:\/\/isisbernocchi.edu.it\/od\/wp-json\/wp\/v2\/comments?post=8979"}],"version-history":[{"count":3,"href":"https:\/\/isisbernocchi.edu.it\/od\/wp-json\/wp\/v2\/posts\/8979\/revisions"}],"predecessor-version":[{"id":8984,"href":"https:\/\/isisbernocchi.edu.it\/od\/wp-json\/wp\/v2\/posts\/8979\/revisions\/8984"}],"wp:attachment":[{"href":"https:\/\/isisbernocchi.edu.it\/od\/wp-json\/wp\/v2\/media?parent=8979"}],"wp:term":[{"taxonomy":"category","embeddable":true,"href":"https:\/\/isisbernocchi.edu.it\/od\/wp-json\/wp\/v2\/categories?post=8979"},{"taxonomy":"post_tag","embeddable":true,"href":"https:\/\/isisbernocchi.edu.it\/od\/wp-json\/wp\/v2\/tags?post=8979"}],"curies":[{"name":"wp","href":"https:\/\/api.w.org\/{rel}","templated":true}]}}